{"id":454,"date":"2019-12-18T22:42:31","date_gmt":"2019-12-18T21:42:31","guid":{"rendered":"http:\/\/blog.mision-catolica-berlin.de\/wp\/?p=454"},"modified":"2019-12-18T22:42:31","modified_gmt":"2019-12-18T21:42:31","slug":"la-familia-la-relacion-entre-padres-e-hijos","status":"publish","type":"post","link":"https:\/\/blog.mision-catolica-berlin.de\/wp\/2019\/12\/18\/la-familia-la-relacion-entre-padres-e-hijos\/","title":{"rendered":"LA FAMILIA, la relaci\u00f3n entre padres e hijos"},"content":{"rendered":"<p>Fue el mejor encuentro al que he asistido hasta ahora &#8211; me dijo uno de los j\u00f3venes-\u00a0 y a\u00f1adi\u00f3, esa din\u00e1mica estuvo muy buena. De esta forma llevamos\u00a0 a cabo el 13 de diciembre\u00a0 nuestro encuentro mensual del grupo de j\u00f3venes. El tema escogido, la Familia se prest\u00f3 para hablar mucho sobre nosotros mismos y nuestra experiencia.<\/p>\n<p>Como es caracteristico, cada encuentro es diferente a los otros. Las actividades que realizamos casi siempre son un debate libre con ideas abiertas sobre el tema, unos juegos grupales para entretenernos y\u00a0 un momento especial para escuchar\u00a0 el testimonio personal de un invitado.<\/p>\n<p>Como Feedback final\u00a0 del encuentro de diciembre tuvimos:<\/p>\n<ul>\n<li>El grupo tuvo gran apertura y participaci\u00f3n<\/li>\n<li>Vino mucha gente al encuentro<\/li>\n<li>Lo que m\u00e1s gust\u00f3 a la mayoria fue escuchar el testimonio de nuestra invitada<\/li>\n<li>Debemos realizar los encuentros con m\u00e1s frecuencia<\/li>\n<li>No s\u00f3lo debemos utilizar temas de lo que pasa en el mundo, sino hablar de otros temas<\/li>\n<li>La felicidad no est\u00e1 en el mundo<\/li>\n<li>Hay que aprender a escuchar y hablar menos por amor a los demas<\/li>\n<li>He aprendido a no ser tan duro con mis padres<\/li>\n<li>Conocer\u00a0 a nueva gente que comparte el amor a Dios<\/li>\n<li>Dios nos ama con un amor de un padre por sus hijos<\/li>\n<li>Debemos acordarnos que lo que ofrece el mundo es mentira.<\/li>\n<\/ul>\n<div id='gallery-1' class='gallery galleryid-454 gallery-columns-3 gallery-size-large'><figure class='gallery-item'>\n\t\t\t<div class='gallery-icon landscape'>\n\t\t\t\t<a href='https:\/\/blog.mision-catolica-berlin.de\/wp\/2019\/12\/18\/la-familia-la-relacion-entre-padres-e-hijos\/20191213_205146\/'><img loading=\"lazy\" decoding=\"async\" width=\"660\" height=\"371\" src=\"https:\/\/blog.mision-catolica-berlin.de\/wp\/wp-content\/uploads\/2019\/12\/20191213_205146-800x450.jpg\" class=\"attachment-large size-large\" alt=\"\" srcset=\"https:\/\/blog.mision-catolica-berlin.de\/wp\/wp-content\/uploads\/2019\/12\/20191213_205146-800x450.jpg 800w, https:\/\/blog.mision-catolica-berlin.de\/wp\/wp-content\/uploads\/2019\/12\/20191213_205146-200x113.jpg 200w\" sizes=\"auto, (max-width: 660px) 100vw, 660px\" \/><\/a>\n\t\t\t<\/div><\/figure><figure class='gallery-item'>\n\t\t\t<div class='gallery-icon landscape'>\n\t\t\t\t<a href='https:\/\/blog.mision-catolica-berlin.de\/wp\/2019\/12\/18\/la-familia-la-relacion-entre-padres-e-hijos\/20191213_205113\/'><img loading=\"lazy\" decoding=\"async\" width=\"660\" height=\"371\" src=\"https:\/\/blog.mision-catolica-berlin.de\/wp\/wp-content\/uploads\/2019\/12\/20191213_205113-800x450.jpg\" class=\"attachment-large size-large\" alt=\"\" srcset=\"https:\/\/blog.mision-catolica-berlin.de\/wp\/wp-content\/uploads\/2019\/12\/20191213_205113-800x450.jpg 800w, https:\/\/blog.mision-catolica-berlin.de\/wp\/wp-content\/uploads\/2019\/12\/20191213_205113-200x113.jpg 200w\" sizes=\"auto, (max-width: 660px) 100vw, 660px\" \/><\/a>\n\t\t\t<\/div><\/figure><figure class='gallery-item'>\n\t\t\t<div class='gallery-icon landscape'>\n\t\t\t\t<a href='https:\/\/blog.mision-catolica-berlin.de\/wp\/2019\/12\/18\/la-familia-la-relacion-entre-padres-e-hijos\/20191213_195521\/'><img loading=\"lazy\" decoding=\"async\" width=\"660\" height=\"371\" src=\"https:\/\/blog.mision-catolica-berlin.de\/wp\/wp-content\/uploads\/2019\/12\/20191213_195521-800x450.jpg\" class=\"attachment-large size-large\" alt=\"\" srcset=\"https:\/\/blog.mision-catolica-berlin.de\/wp\/wp-content\/uploads\/2019\/12\/20191213_195521-800x450.jpg 800w, https:\/\/blog.mision-catolica-berlin.de\/wp\/wp-content\/uploads\/2019\/12\/20191213_195521-200x113.jpg 200w\" sizes=\"auto, (max-width: 660px) 100vw, 660px\" \/><\/a>\n\t\t\t<\/div><\/figure><figure class='gallery-item'>\n\t\t\t<div class='gallery-icon landscape'>\n\t\t\t\t<a href='https:\/\/blog.mision-catolica-berlin.de\/wp\/2019\/12\/18\/la-familia-la-relacion-entre-padres-e-hijos\/20191213_195512\/'><img loading=\"lazy\" decoding=\"async\" width=\"660\" height=\"371\" src=\"https:\/\/blog.mision-catolica-berlin.de\/wp\/wp-content\/uploads\/2019\/12\/20191213_195512-800x450.jpg\" class=\"attachment-large size-large\" alt=\"\" srcset=\"https:\/\/blog.mision-catolica-berlin.de\/wp\/wp-content\/uploads\/2019\/12\/20191213_195512-800x450.jpg 800w, https:\/\/blog.mision-catolica-berlin.de\/wp\/wp-content\/uploads\/2019\/12\/20191213_195512-200x113.jpg 200w\" sizes=\"auto, (max-width: 660px) 100vw, 660px\" \/><\/a>\n\t\t\t<\/div><\/figure><figure class='gallery-item'>\n\t\t\t<div class='gallery-icon landscape'>\n\t\t\t\t<a href='https:\/\/blog.mision-catolica-berlin.de\/wp\/2019\/12\/18\/la-familia-la-relacion-entre-padres-e-hijos\/20191213_195502\/'><img loading=\"lazy\" decoding=\"async\" width=\"660\" height=\"371\" src=\"https:\/\/blog.mision-catolica-berlin.de\/wp\/wp-content\/uploads\/2019\/12\/20191213_195502-800x450.jpg\" class=\"attachment-large size-large\" alt=\"\" srcset=\"https:\/\/blog.mision-catolica-berlin.de\/wp\/wp-content\/uploads\/2019\/12\/20191213_195502-800x450.jpg 800w, https:\/\/blog.mision-catolica-berlin.de\/wp\/wp-content\/uploads\/2019\/12\/20191213_195502-200x113.jpg 200w\" sizes=\"auto, (max-width: 660px) 100vw, 660px\" \/><\/a>\n\t\t\t<\/div><\/figure><figure class='gallery-item'>\n\t\t\t<div class='gallery-icon landscape'>\n\t\t\t\t<a href='https:\/\/blog.mision-catolica-berlin.de\/wp\/2019\/12\/18\/la-familia-la-relacion-entre-padres-e-hijos\/20191213_202111\/'><img loading=\"lazy\" decoding=\"async\" width=\"660\" height=\"371\" src=\"https:\/\/blog.mision-catolica-berlin.de\/wp\/wp-content\/uploads\/2019\/12\/20191213_202111-800x450.jpg\" class=\"attachment-large size-large\" alt=\"\" srcset=\"https:\/\/blog.mision-catolica-berlin.de\/wp\/wp-content\/uploads\/2019\/12\/20191213_202111-800x450.jpg 800w, https:\/\/blog.mision-catolica-berlin.de\/wp\/wp-content\/uploads\/2019\/12\/20191213_202111-200x113.jpg 200w\" sizes=\"auto, (max-width: 660px) 100vw, 660px\" \/><\/a>\n\t\t\t<\/div><\/figure><figure class='gallery-item'>\n\t\t\t<div class='gallery-icon portrait'>\n\t\t\t\t<a href='https:\/\/blog.mision-catolica-berlin.de\/wp\/2019\/12\/18\/la-familia-la-relacion-entre-padres-e-hijos\/20191213_202049\/'><img loading=\"lazy\" decoding=\"async\" width=\"450\" height=\"800\" src=\"https:\/\/blog.mision-catolica-berlin.de\/wp\/wp-content\/uploads\/2019\/12\/20191213_202049-e1576705002211-450x800.jpg\" class=\"attachment-large size-large\" alt=\"\" srcset=\"https:\/\/blog.mision-catolica-berlin.de\/wp\/wp-content\/uploads\/2019\/12\/20191213_202049-e1576705002211-450x800.jpg 450w, https:\/\/blog.mision-catolica-berlin.de\/wp\/wp-content\/uploads\/2019\/12\/20191213_202049-e1576705002211-113x200.jpg 113w\" sizes=\"auto, (max-width: 450px) 100vw, 450px\" \/><\/a>\n\t\t\t<\/div><\/figure><figure class='gallery-item'>\n\t\t\t<div class='gallery-icon portrait'>\n\t\t\t\t<a href='https:\/\/blog.mision-catolica-berlin.de\/wp\/2019\/12\/18\/la-familia-la-relacion-entre-padres-e-hijos\/20191213_205127\/'><img loading=\"lazy\" decoding=\"async\" width=\"450\" height=\"800\" src=\"https:\/\/blog.mision-catolica-berlin.de\/wp\/wp-content\/uploads\/2019\/12\/20191213_205127-e1576704962424-450x800.jpg\" class=\"attachment-large size-large\" alt=\"\" srcset=\"https:\/\/blog.mision-catolica-berlin.de\/wp\/wp-content\/uploads\/2019\/12\/20191213_205127-e1576704962424-450x800.jpg 450w, https:\/\/blog.mision-catolica-berlin.de\/wp\/wp-content\/uploads\/2019\/12\/20191213_205127-e1576704962424-113x200.jpg 113w\" sizes=\"auto, (max-width: 450px) 100vw, 450px\" \/><\/a>\n\t\t\t<\/div><\/figure><figure class='gallery-item'>\n\t\t\t<div class='gallery-icon portrait'>\n\t\t\t\t<a href='https:\/\/blog.mision-catolica-berlin.de\/wp\/2019\/12\/18\/la-familia-la-relacion-entre-padres-e-hijos\/20191213_202044\/'><img loading=\"lazy\" decoding=\"async\" width=\"450\" height=\"800\" src=\"https:\/\/blog.mision-catolica-berlin.de\/wp\/wp-content\/uploads\/2019\/12\/20191213_202044-e1576705013460-450x800.jpg\" class=\"attachment-large size-large\" alt=\"\" srcset=\"https:\/\/blog.mision-catolica-berlin.de\/wp\/wp-content\/uploads\/2019\/12\/20191213_202044-e1576705013460-450x800.jpg 450w, https:\/\/blog.mision-catolica-berlin.de\/wp\/wp-content\/uploads\/2019\/12\/20191213_202044-e1576705013460-113x200.jpg 113w\" sizes=\"auto, (max-width: 450px) 100vw, 450px\" \/><\/a>\n\t\t\t<\/div><\/figure><figure class='gallery-item'>\n\t\t\t<div class='gallery-icon portrait'>\n\t\t\t\t<a href='https:\/\/blog.mision-catolica-berlin.de\/wp\/2019\/12\/18\/la-familia-la-relacion-entre-padres-e-hijos\/20191213_202102\/'><img loading=\"lazy\" decoding=\"async\" width=\"450\" height=\"800\" src=\"https:\/\/blog.mision-catolica-berlin.de\/wp\/wp-content\/uploads\/2019\/12\/20191213_202102-e1576704976807-450x800.jpg\" class=\"attachment-large size-large\" alt=\"\" srcset=\"https:\/\/blog.mision-catolica-berlin.de\/wp\/wp-content\/uploads\/2019\/12\/20191213_202102-e1576704976807-450x800.jpg 450w, https:\/\/blog.mision-catolica-berlin.de\/wp\/wp-content\/uploads\/2019\/12\/20191213_202102-e1576704976807-113x200.jpg 113w\" sizes=\"auto, (max-width: 450px) 100vw, 450px\" \/><\/a>\n\t\t\t<\/div><\/figure><figure class='gallery-item'>\n\t\t\t<div class='gallery-icon portrait'>\n\t\t\t\t<a href='https:\/\/blog.mision-catolica-berlin.de\/wp\/2019\/12\/18\/la-familia-la-relacion-entre-padres-e-hijos\/20191213_202055\/'><img loading=\"lazy\" decoding=\"async\" width=\"450\" height=\"800\" src=\"https:\/\/blog.mision-catolica-berlin.de\/wp\/wp-content\/uploads\/2019\/12\/20191213_202055-e1576704987614-450x800.jpg\" class=\"attachment-large size-large\" alt=\"\" srcset=\"https:\/\/blog.mision-catolica-berlin.de\/wp\/wp-content\/uploads\/2019\/12\/20191213_202055-e1576704987614-450x800.jpg 450w, https:\/\/blog.mision-catolica-berlin.de\/wp\/wp-content\/uploads\/2019\/12\/20191213_202055-e1576704987614-113x200.jpg 113w\" sizes=\"auto, (max-width: 450px) 100vw, 450px\" \/><\/a>\n\t\t\t<\/div><\/figure><figure class='gallery-item'>\n\t\t\t<div class='gallery-icon landscape'>\n\t\t\t\t<a href='https:\/\/blog.mision-catolica-berlin.de\/wp\/2019\/12\/18\/la-familia-la-relacion-entre-padres-e-hijos\/cci_000001\/'><img loading=\"lazy\" decoding=\"async\" width=\"660\" height=\"463\" src=\"https:\/\/blog.mision-catolica-berlin.de\/wp\/wp-content\/uploads\/2019\/12\/CCI_000001-e1576705036908-800x561.jpg\" class=\"attachment-large size-large\" alt=\"\" srcset=\"https:\/\/blog.mision-catolica-berlin.de\/wp\/wp-content\/uploads\/2019\/12\/CCI_000001-e1576705036908-800x561.jpg 800w, https:\/\/blog.mision-catolica-berlin.de\/wp\/wp-content\/uploads\/2019\/12\/CCI_000001-e1576705036908-200x140.jpg 200w\" sizes=\"auto, (max-width: 660px) 100vw, 660px\" \/><\/a>\n\t\t\t<\/div><\/figure>\n\t\t<\/div>\n\n","protected":false},"excerpt":{"rendered":"<p>Fue el mejor encuentro al que he asistido hasta ahora &#8211; me dijo uno de los j\u00f3venes-\u00a0 y a\u00f1adi\u00f3, esa din\u00e1mica estuvo muy buena. De esta forma llevamos\u00a0 a cabo el 13 de diciembre\u00a0 nuestro encuentro mensual del grupo de j\u00f3venes. El tema escogido, la Familia se prest\u00f3 para hablar mucho sobre nosotros mismos y &hellip; <a href=\"https:\/\/blog.mision-catolica-berlin.de\/wp\/2019\/12\/18\/la-familia-la-relacion-entre-padres-e-hijos\/\" class=\"more-link\">Contin\u00faa leyendo <span class=\"screen-reader-text\">LA FAMILIA, la relaci\u00f3n entre padres e hijos<\/span><\/a><\/p>\n","protected":false},"author":90,"featured_media":467,"comment_status":"open","ping_status":"open","sticky":false,"template":"","format":"standard","meta":{"footnotes":""},"categories":[1],"tags":[],"class_list":["post-454","post","type-post","status-publish","format-standard","has-post-thumbnail","hentry","category-viaje"],"_links":{"self":[{"href":"https:\/\/blog.mision-catolica-berlin.de\/wp\/wp-json\/wp\/v2\/posts\/454","targetHints":{"allow":["GET"]}}],"collection":[{"href":"https:\/\/blog.mision-catolica-berlin.de\/wp\/wp-json\/wp\/v2\/posts"}],"about":[{"href":"https:\/\/blog.mision-catolica-berlin.de\/wp\/wp-json\/wp\/v2\/types\/post"}],"author":[{"embeddable":true,"href":"https:\/\/blog.mision-catolica-berlin.de\/wp\/wp-json\/wp\/v2\/users\/90"}],"replies":[{"embeddable":true,"href":"https:\/\/blog.mision-catolica-berlin.de\/wp\/wp-json\/wp\/v2\/comments?post=454"}],"version-history":[{"count":1,"href":"https:\/\/blog.mision-catolica-berlin.de\/wp\/wp-json\/wp\/v2\/posts\/454\/revisions"}],"predecessor-version":[{"id":468,"href":"https:\/\/blog.mision-catolica-berlin.de\/wp\/wp-json\/wp\/v2\/posts\/454\/revisions\/468"}],"wp:featuredmedia":[{"embeddable":true,"href":"https:\/\/blog.mision-catolica-berlin.de\/wp\/wp-json\/wp\/v2\/media\/467"}],"wp:attachment":[{"href":"https:\/\/blog.mision-catolica-berlin.de\/wp\/wp-json\/wp\/v2\/media?parent=454"}],"wp:term":[{"taxonomy":"category","embeddable":true,"href":"https:\/\/blog.mision-catolica-berlin.de\/wp\/wp-json\/wp\/v2\/categories?post=454"},{"taxonomy":"post_tag","embeddable":true,"href":"https:\/\/blog.mision-catolica-berlin.de\/wp\/wp-json\/wp\/v2\/tags?post=454"}],"curies":[{"name":"wp","href":"https:\/\/api.w.org\/{rel}","templated":true}]}}