{"id":382,"date":"2019-05-09T12:46:12","date_gmt":"2019-05-09T10:46:12","guid":{"rendered":"http:\/\/blog.mision-catolica-berlin.de\/wp\/?p=382"},"modified":"2019-05-09T12:55:01","modified_gmt":"2019-05-09T10:55:01","slug":"encuentro-de-jovenes-17-mayo-2019-19-horas","status":"publish","type":"post","link":"https:\/\/blog.mision-catolica-berlin.de\/wp\/2019\/05\/09\/encuentro-de-jovenes-17-mayo-2019-19-horas\/","title":{"rendered":"ENCUENTRO DE J\u00d3VENES  17 MAYO   19 Horas."},"content":{"rendered":"<div dir=\"auto\">Estamos a las puertas de nuestro pr\u00f3ximo encuentro de j\u00f3venes este\u00a0<b>VIERNES 17 MAYO 2019<\/b>\u00a0y la\u00a0actividad que hemos preparado en esta ocasi\u00f3n ser\u00e1 abordar el\u00a0<b>TEMA : \u00abLA SOLEDAD\u00bb<\/b><b>,<\/b>\u00a0todos hemos experimentado\u00a0o estamos\u00a0experimentando esta situaci\u00f3n, en especial por estar sin nuestra familia en Berlin.<\/div>\n<div dir=\"auto\">\u00bfC\u00f3mo lo llevamos?\u00a0\u00bfQue nos dice Dios con su palabra sobre lo que estamos viviendo?<\/div>\n<div dir=\"auto\">Como siempre empezaremos a las\u00a0<b>7:00\u00a0<\/b><b>pm<\/b>,\u00a0 Habr\u00e1 reflexi\u00f3n, debate, juegos y una ense\u00f1anza de la iglesia.<\/div>\n<div dir=\"auto\">Es un espacio para los j\u00f3venes a partir de los 18 a\u00f1os.<\/div>\n","protected":false},"excerpt":{"rendered":"<p>Estamos a las puertas de nuestro pr\u00f3ximo encuentro de j\u00f3venes este\u00a0VIERNES 17 MAYO 2019\u00a0y la\u00a0actividad que hemos preparado en esta ocasi\u00f3n ser\u00e1 abordar el\u00a0TEMA : \u00abLA SOLEDAD\u00bb,\u00a0todos hemos experimentado\u00a0o estamos\u00a0experimentando esta situaci\u00f3n, en especial por estar sin nuestra familia en Berlin. \u00bfC\u00f3mo lo llevamos?\u00a0\u00bfQue nos dice Dios con su palabra sobre lo que estamos viviendo? &hellip; <a href=\"https:\/\/blog.mision-catolica-berlin.de\/wp\/2019\/05\/09\/encuentro-de-jovenes-17-mayo-2019-19-horas\/\" class=\"more-link\">Contin\u00faa leyendo <span class=\"screen-reader-text\">ENCUENTRO DE J\u00d3VENES  17 MAYO   19 Horas.<\/span><\/a><\/p>\n","protected":false},"author":90,"featured_media":386,"comment_status":"open","ping_status":"open","sticky":false,"template":"","format":"standard","meta":{"footnotes":""},"categories":[1],"tags":[],"class_list":["post-382","post","type-post","status-publish","format-standard","has-post-thumbnail","hentry","category-viaje"],"_links":{"self":[{"href":"https:\/\/blog.mision-catolica-berlin.de\/wp\/wp-json\/wp\/v2\/posts\/382","targetHints":{"allow":["GET"]}}],"collection":[{"href":"https:\/\/blog.mision-catolica-berlin.de\/wp\/wp-json\/wp\/v2\/posts"}],"about":[{"href":"https:\/\/blog.mision-catolica-berlin.de\/wp\/wp-json\/wp\/v2\/types\/post"}],"author":[{"embeddable":true,"href":"https:\/\/blog.mision-catolica-berlin.de\/wp\/wp-json\/wp\/v2\/users\/90"}],"replies":[{"embeddable":true,"href":"https:\/\/blog.mision-catolica-berlin.de\/wp\/wp-json\/wp\/v2\/comments?post=382"}],"version-history":[{"count":2,"href":"https:\/\/blog.mision-catolica-berlin.de\/wp\/wp-json\/wp\/v2\/posts\/382\/revisions"}],"predecessor-version":[{"id":384,"href":"https:\/\/blog.mision-catolica-berlin.de\/wp\/wp-json\/wp\/v2\/posts\/382\/revisions\/384"}],"wp:featuredmedia":[{"embeddable":true,"href":"https:\/\/blog.mision-catolica-berlin.de\/wp\/wp-json\/wp\/v2\/media\/386"}],"wp:attachment":[{"href":"https:\/\/blog.mision-catolica-berlin.de\/wp\/wp-json\/wp\/v2\/media?parent=382"}],"wp:term":[{"taxonomy":"category","embeddable":true,"href":"https:\/\/blog.mision-catolica-berlin.de\/wp\/wp-json\/wp\/v2\/categories?post=382"},{"taxonomy":"post_tag","embeddable":true,"href":"https:\/\/blog.mision-catolica-berlin.de\/wp\/wp-json\/wp\/v2\/tags?post=382"}],"curies":[{"name":"wp","href":"https:\/\/api.w.org\/{rel}","templated":true}]}}