{"id":254,"date":"2017-05-24T00:59:17","date_gmt":"2017-05-23T22:59:17","guid":{"rendered":"http:\/\/blog.mision-catolica-berlin.de\/wp\/?p=254"},"modified":"2017-05-24T03:10:11","modified_gmt":"2017-05-24T01:10:11","slug":"viernes-de-los-jovenes","status":"publish","type":"post","link":"https:\/\/blog.mision-catolica-berlin.de\/wp\/2017\/05\/24\/viernes-de-los-jovenes\/","title":{"rendered":"GRUPO DE J\u00d3VENES DE LA MISI\u00d3N CAT\u00d3LICA"},"content":{"rendered":"<p lang=\"en-US\"><strong>Con el lema que naci\u00f3 despu\u00e9s de la Jornada Mundial de J\u00f3venes en Cracovia \u00abLev\u00e1ntate del Sof\u00e1 y decide tu futuro\u00bb iniciamos los encuentros juveniles de nuestra Misi\u00f3n Cat\u00f3lica de Lengua Espa\u00f1ola. Cada viernes a partir de las dieciocho horas nos reuniremos en los salones de la iglesia St. Nikolaus en Wittenau, Berlin.<\/strong><\/p>\n<p lang=\"en-US\"><strong>Despu\u00e9s de la experiencia de Cracovia recogemos la invitaci\u00f3n a movilizarnos como comunidad hacia la construcci\u00f3n de un mundo mejor. Dios invita especialmente a los j\u00f3venes a cambiar al mundo, a ser protagonistas de su propia vida, a ser libres y valientes, a levantarse del sof\u00e1 y dejar huella . Asi pues te invitamos a ser parte de este reto, ven a los encuentros con tus amigos o familiares a partir de 16 a\u00f1os,<\/strong><\/p>\n<p lang=\"en-US\" style=\"text-align: center\"><strong>VIVE UNA NUEVA EXPERIENCIA<\/strong><\/p>\n<p>&nbsp;<\/p>\n<p><span style=\"text-decoration: underline\">JUVENTUD REBELDE<\/span><\/p>\n<p style=\"text-align: left\">Estamos contemplando en la humanidad los brotes\u00a0e insurreccionismos de la juventud; Estamos viendo que la juventud est\u00e1 acusando una rebeld\u00eda cada vez mayor; Porque la juventud \u00a0tiene \u00edntima inconformidad con el sistema actual de cosas y los j\u00f3venes\u00a0 aspirantes al bien\u00a0 desean enderezar las cosas que actualmente no le gustan\u00a0 pero no tienen medios, ni la comprensi\u00f3n ni los conocimientos suficientes como hacer este enderezamiento de las cosas que les disgustan.<\/p>\n<p>Si la juventud pudiera comprender\u00a0 que es por medio del\u00a0 cristianismo que se enderezan las cosas ; Si la juventud\u00a0 pudiera acatar\u00a0 el cristianismo primitivo como es su esencia, Si la juventud pudiera acogerse de nuevo a los pasos de Cristo, entonces ya tendrian en sus manos la soluci\u00f3n de los problemas que los afligen.<\/p>\n<p>Ya tendrian en sus corazones la satisfaccion de saber y de constatar que han encontrado el camino, y que si ponen buena voluntad en seguir por ese camino, \u00c9l los conducir\u00e1 a las cimas, donde reina la paz, la comprensi\u00f3n y\u00a0 la armonia.<\/p>\n<p>Texto de Hector Wehdeking<\/p>\n<p>27.04.1996<\/p>\n<p>&nbsp;<\/p>\n","protected":false},"excerpt":{"rendered":"<p>Con el lema que naci\u00f3 despu\u00e9s de la Jornada Mundial de J\u00f3venes en Cracovia \u00abLev\u00e1ntate del Sof\u00e1 y decide tu futuro\u00bb iniciamos los encuentros juveniles de nuestra Misi\u00f3n Cat\u00f3lica de Lengua Espa\u00f1ola. Cada viernes a partir de las dieciocho horas nos reuniremos en los salones de la iglesia St. Nikolaus en Wittenau, Berlin. Despu\u00e9s de &hellip; <a href=\"https:\/\/blog.mision-catolica-berlin.de\/wp\/2017\/05\/24\/viernes-de-los-jovenes\/\" class=\"more-link\">Contin\u00faa leyendo <span class=\"screen-reader-text\">GRUPO DE J\u00d3VENES DE LA MISI\u00d3N CAT\u00d3LICA<\/span><\/a><\/p>\n","protected":false},"author":6,"featured_media":255,"comment_status":"open","ping_status":"open","sticky":false,"template":"","format":"standard","meta":{"footnotes":""},"categories":[1],"tags":[],"class_list":["post-254","post","type-post","status-publish","format-standard","has-post-thumbnail","hentry","category-viaje"],"_links":{"self":[{"href":"https:\/\/blog.mision-catolica-berlin.de\/wp\/wp-json\/wp\/v2\/posts\/254","targetHints":{"allow":["GET"]}}],"collection":[{"href":"https:\/\/blog.mision-catolica-berlin.de\/wp\/wp-json\/wp\/v2\/posts"}],"about":[{"href":"https:\/\/blog.mision-catolica-berlin.de\/wp\/wp-json\/wp\/v2\/types\/post"}],"author":[{"embeddable":true,"href":"https:\/\/blog.mision-catolica-berlin.de\/wp\/wp-json\/wp\/v2\/users\/6"}],"replies":[{"embeddable":true,"href":"https:\/\/blog.mision-catolica-berlin.de\/wp\/wp-json\/wp\/v2\/comments?post=254"}],"version-history":[{"count":7,"href":"https:\/\/blog.mision-catolica-berlin.de\/wp\/wp-json\/wp\/v2\/posts\/254\/revisions"}],"predecessor-version":[{"id":262,"href":"https:\/\/blog.mision-catolica-berlin.de\/wp\/wp-json\/wp\/v2\/posts\/254\/revisions\/262"}],"wp:featuredmedia":[{"embeddable":true,"href":"https:\/\/blog.mision-catolica-berlin.de\/wp\/wp-json\/wp\/v2\/media\/255"}],"wp:attachment":[{"href":"https:\/\/blog.mision-catolica-berlin.de\/wp\/wp-json\/wp\/v2\/media?parent=254"}],"wp:term":[{"taxonomy":"category","embeddable":true,"href":"https:\/\/blog.mision-catolica-berlin.de\/wp\/wp-json\/wp\/v2\/categories?post=254"},{"taxonomy":"post_tag","embeddable":true,"href":"https:\/\/blog.mision-catolica-berlin.de\/wp\/wp-json\/wp\/v2\/tags?post=254"}],"curies":[{"name":"wp","href":"https:\/\/api.w.org\/{rel}","templated":true}]}}